{"id":2983,"date":"2022-03-20T17:36:00","date_gmt":"2022-03-20T16:36:00","guid":{"rendered":"https:\/\/rsv-hachinger-tal.de\/?p=2983"},"modified":"2022-03-21T17:36:37","modified_gmt":"2022-03-21T16:36:37","slug":"20-03-2022-winterlaufserie-ismaning-2-lauf","status":"publish","type":"post","link":"https:\/\/rsv-hachinger-tal.de\/index.php\/2022\/03\/20\/20-03-2022-winterlaufserie-ismaning-2-lauf\/","title":{"rendered":"20.03.2022 Winterlaufserie Ismaning, 2. Lauf"},"content":{"rendered":"<div id=\"pl-gb2983-69f59dadc4580\"  class=\"panel-layout\" ><div id=\"pg-gb2983-69f59dadc4580-0\"  class=\"panel-grid panel-has-style\" ><div style=\"padding: 100px 0; \" data-overlay=\"true\" class=\"panel-row-style panel-row-style-for-gb2983-69f59dadc4580-0\" ><div id=\"pgc-gb2983-69f59dadc4580-0-0\"  class=\"panel-grid-cell\" ><div id=\"panel-gb2983-69f59dadc4580-0-0-0\" class=\"so-panel widget widget_sow-editor panel-first-child panel-last-child\" data-index=\"0\" ><div style=\"text-align: left;\" data-title-color=\"#443f3f\" data-headings-color=\"#443f3f\" class=\"panel-widget-style panel-widget-style-for-gb2983-69f59dadc4580-0-0-0\" ><div\n\t\t\t\n\t\t\tclass=\"so-widget-sow-editor so-widget-sow-editor-base\"\n\t\t\t\n\t\t><h3 class=\"widget-title\">20.03.2022 Winterlaufserie Ismaning, 2. Lauf<\/h3>\n<div class=\"siteorigin-widget-tinymce textwidget\">\n\t<p>Unser Otmar Nejtek beendete nun schon den zweiten Lauf auf der in diesem Jahr etwas nach hinten verschobenen Ismaninger Winterlaufserie als \u00e4ltester Teilnehmer. \u00dcber 17 km ben\u00f6tigte er 2:03:04h und war damit in der AK M80 voran. In der AK M75 w\u00e4re damit auch noch auf das Podium gekommen. Bereits im ersten Lauf im Februar \u00fcber 13 km war er in 1:20:12h Schnellster seiner Altersklasse.<br \/>\n\u201eInsgesamt war ich sehr zufrieden\u201c, meinte Otmar hinterher, der \u00fcber 17km immerhin 9 teilweise erhebliche j\u00fcngere Starter hinter sich lassen konnte.<\/p>\n<\/div>\n<\/div><\/div><\/div><\/div><\/div><\/div><\/div>","protected":false},"excerpt":{"rendered":"<p>Unser Otmar Nejtek beendete nun schon den zweiten Lauf auf der in diesem Jahr etwas nach hinten verschobenen Ismaninger Winterlaufserie als \u00e4ltester Teilnehmer. \u00dcber 17 km ben\u00f6tigte er 2:03:04h und war damit in der AK M80 voran. In der AK M75 w\u00e4re damit auch noch auf das Podium gekommen. Bereits im ersten Lauf im Februar [&hellip;]<\/p>\n","protected":false},"author":1,"featured_media":2982,"comment_status":"closed","ping_status":"closed","sticky":false,"template":"","format":"standard","meta":{"footnotes":""},"categories":[4],"tags":[],"class_list":["post-2983","post","type-post","status-publish","format-standard","has-post-thumbnail","hentry","category-berichte-ii"],"_links":{"self":[{"href":"https:\/\/rsv-hachinger-tal.de\/index.php\/wp-json\/wp\/v2\/posts\/2983","targetHints":{"allow":["GET"]}}],"collection":[{"href":"https:\/\/rsv-hachinger-tal.de\/index.php\/wp-json\/wp\/v2\/posts"}],"about":[{"href":"https:\/\/rsv-hachinger-tal.de\/index.php\/wp-json\/wp\/v2\/types\/post"}],"author":[{"embeddable":true,"href":"https:\/\/rsv-hachinger-tal.de\/index.php\/wp-json\/wp\/v2\/users\/1"}],"replies":[{"embeddable":true,"href":"https:\/\/rsv-hachinger-tal.de\/index.php\/wp-json\/wp\/v2\/comments?post=2983"}],"version-history":[{"count":2,"href":"https:\/\/rsv-hachinger-tal.de\/index.php\/wp-json\/wp\/v2\/posts\/2983\/revisions"}],"predecessor-version":[{"id":2985,"href":"https:\/\/rsv-hachinger-tal.de\/index.php\/wp-json\/wp\/v2\/posts\/2983\/revisions\/2985"}],"wp:featuredmedia":[{"embeddable":true,"href":"https:\/\/rsv-hachinger-tal.de\/index.php\/wp-json\/wp\/v2\/media\/2982"}],"wp:attachment":[{"href":"https:\/\/rsv-hachinger-tal.de\/index.php\/wp-json\/wp\/v2\/media?parent=2983"}],"wp:term":[{"taxonomy":"category","embeddable":true,"href":"https:\/\/rsv-hachinger-tal.de\/index.php\/wp-json\/wp\/v2\/categories?post=2983"},{"taxonomy":"post_tag","embeddable":true,"href":"https:\/\/rsv-hachinger-tal.de\/index.php\/wp-json\/wp\/v2\/tags?post=2983"}],"curies":[{"name":"wp","href":"https:\/\/api.w.org\/{rel}","templated":true}]}}