{"id":2519,"date":"2021-02-14T19:42:29","date_gmt":"2021-02-14T18:42:29","guid":{"rendered":"https:\/\/rsv-hachinger-tal.de\/?p=2519"},"modified":"2021-02-19T19:45:27","modified_gmt":"2021-02-19T18:45:27","slug":"14-02-2021-ismaninger-winterlaufserie","status":"publish","type":"post","link":"https:\/\/rsv-hachinger-tal.de\/index.php\/2021\/02\/14\/14-02-2021-ismaninger-winterlaufserie\/","title":{"rendered":"14.02.2021 Ismaninger Winterlaufserie"},"content":{"rendered":"<p>Unser Otmar Nejtek, der auch in diesem Jahr schon wieder \u00fcber 270 km gelaufen ist, hat an der diesj\u00e4hrig virtuelle Ismaninger Winterlaufserie teilgenommen. Er legte die13 km in 1:24:26 h, die 17 km in 1:55:48 h; und den abschlie\u00dfenden Halbmarathon \u00fcber 21,4 km in 2:21:45 h zur\u00fcck, und war in einer Gesamtzeit von 5:41:19 h nur 6:57 min langsamer als letztes Jahr im regul\u00e4ren Wettbewerb.<br \/>\nAuch im Langlauf legte der nimmerm\u00fcde Otmar in diesem Jahr schon \u00fcber 100 km zur\u00fcck. Chapeau, Otmars Leidenschaft f\u00fcr den Sport ist bemerkenswert!<\/p>\n<p><img loading=\"lazy\" decoding=\"async\" class=\"alignnone size-medium wp-image-2515\" src=\"https:\/\/rsv-hachinger-tal.de\/wp-content\/uploads\/2016\/11\/Ismaninger-WLS-13km-300x225.jpg\" alt=\"\" width=\"300\" height=\"225\" srcset=\"https:\/\/rsv-hachinger-tal.de\/wp-content\/uploads\/2016\/11\/Ismaninger-WLS-13km-300x225.jpg 300w, https:\/\/rsv-hachinger-tal.de\/wp-content\/uploads\/2016\/11\/Ismaninger-WLS-13km-768x576.jpg 768w, https:\/\/rsv-hachinger-tal.de\/wp-content\/uploads\/2016\/11\/Ismaninger-WLS-13km-230x173.jpg 230w, https:\/\/rsv-hachinger-tal.de\/wp-content\/uploads\/2016\/11\/Ismaninger-WLS-13km-350x263.jpg 350w, https:\/\/rsv-hachinger-tal.de\/wp-content\/uploads\/2016\/11\/Ismaninger-WLS-13km-480x360.jpg 480w, https:\/\/rsv-hachinger-tal.de\/wp-content\/uploads\/2016\/11\/Ismaninger-WLS-13km.jpg 800w\" sizes=\"auto, (max-width: 300px) 100vw, 300px\" \/> <img loading=\"lazy\" decoding=\"async\" class=\"alignnone size-medium wp-image-2516\" src=\"https:\/\/rsv-hachinger-tal.de\/wp-content\/uploads\/2016\/11\/Ismaninger-WLS-17km-300x225.jpg\" alt=\"\" width=\"300\" height=\"225\" srcset=\"https:\/\/rsv-hachinger-tal.de\/wp-content\/uploads\/2016\/11\/Ismaninger-WLS-17km-300x225.jpg 300w, https:\/\/rsv-hachinger-tal.de\/wp-content\/uploads\/2016\/11\/Ismaninger-WLS-17km-768x576.jpg 768w, https:\/\/rsv-hachinger-tal.de\/wp-content\/uploads\/2016\/11\/Ismaninger-WLS-17km-230x173.jpg 230w, https:\/\/rsv-hachinger-tal.de\/wp-content\/uploads\/2016\/11\/Ismaninger-WLS-17km-350x263.jpg 350w, https:\/\/rsv-hachinger-tal.de\/wp-content\/uploads\/2016\/11\/Ismaninger-WLS-17km-480x360.jpg 480w, https:\/\/rsv-hachinger-tal.de\/wp-content\/uploads\/2016\/11\/Ismaninger-WLS-17km.jpg 800w\" sizes=\"auto, (max-width: 300px) 100vw, 300px\" \/> <img loading=\"lazy\" decoding=\"async\" class=\"alignnone size-medium wp-image-2517\" src=\"https:\/\/rsv-hachinger-tal.de\/wp-content\/uploads\/2016\/11\/Ismaninger-WLS-20-21-214-km-300x225.jpg\" alt=\"\" width=\"300\" height=\"225\" srcset=\"https:\/\/rsv-hachinger-tal.de\/wp-content\/uploads\/2016\/11\/Ismaninger-WLS-20-21-214-km-300x225.jpg 300w, https:\/\/rsv-hachinger-tal.de\/wp-content\/uploads\/2016\/11\/Ismaninger-WLS-20-21-214-km-768x576.jpg 768w, https:\/\/rsv-hachinger-tal.de\/wp-content\/uploads\/2016\/11\/Ismaninger-WLS-20-21-214-km-230x173.jpg 230w, https:\/\/rsv-hachinger-tal.de\/wp-content\/uploads\/2016\/11\/Ismaninger-WLS-20-21-214-km-350x263.jpg 350w, https:\/\/rsv-hachinger-tal.de\/wp-content\/uploads\/2016\/11\/Ismaninger-WLS-20-21-214-km-480x360.jpg 480w, https:\/\/rsv-hachinger-tal.de\/wp-content\/uploads\/2016\/11\/Ismaninger-WLS-20-21-214-km.jpg 800w\" sizes=\"auto, (max-width: 300px) 100vw, 300px\" \/><\/p>\n","protected":false},"excerpt":{"rendered":"<p>Unser Otmar Nejtek, der auch in diesem Jahr schon wieder \u00fcber 270 km gelaufen ist, hat an der diesj\u00e4hrig virtuelle Ismaninger Winterlaufserie teilgenommen. Er legte die13 km in 1:24:26 h, die 17 km in 1:55:48 h; und den abschlie\u00dfenden Halbmarathon \u00fcber 21,4 km in 2:21:45 h zur\u00fcck, und war in einer Gesamtzeit von 5:41:19 h [&hellip;]<\/p>\n","protected":false},"author":1,"featured_media":2518,"comment_status":"closed","ping_status":"closed","sticky":false,"template":"","format":"standard","meta":{"footnotes":""},"categories":[4],"tags":[],"class_list":["post-2519","post","type-post","status-publish","format-standard","has-post-thumbnail","hentry","category-berichte-ii"],"_links":{"self":[{"href":"https:\/\/rsv-hachinger-tal.de\/index.php\/wp-json\/wp\/v2\/posts\/2519","targetHints":{"allow":["GET"]}}],"collection":[{"href":"https:\/\/rsv-hachinger-tal.de\/index.php\/wp-json\/wp\/v2\/posts"}],"about":[{"href":"https:\/\/rsv-hachinger-tal.de\/index.php\/wp-json\/wp\/v2\/types\/post"}],"author":[{"embeddable":true,"href":"https:\/\/rsv-hachinger-tal.de\/index.php\/wp-json\/wp\/v2\/users\/1"}],"replies":[{"embeddable":true,"href":"https:\/\/rsv-hachinger-tal.de\/index.php\/wp-json\/wp\/v2\/comments?post=2519"}],"version-history":[{"count":2,"href":"https:\/\/rsv-hachinger-tal.de\/index.php\/wp-json\/wp\/v2\/posts\/2519\/revisions"}],"predecessor-version":[{"id":2521,"href":"https:\/\/rsv-hachinger-tal.de\/index.php\/wp-json\/wp\/v2\/posts\/2519\/revisions\/2521"}],"wp:featuredmedia":[{"embeddable":true,"href":"https:\/\/rsv-hachinger-tal.de\/index.php\/wp-json\/wp\/v2\/media\/2518"}],"wp:attachment":[{"href":"https:\/\/rsv-hachinger-tal.de\/index.php\/wp-json\/wp\/v2\/media?parent=2519"}],"wp:term":[{"taxonomy":"category","embeddable":true,"href":"https:\/\/rsv-hachinger-tal.de\/index.php\/wp-json\/wp\/v2\/categories?post=2519"},{"taxonomy":"post_tag","embeddable":true,"href":"https:\/\/rsv-hachinger-tal.de\/index.php\/wp-json\/wp\/v2\/tags?post=2519"}],"curies":[{"name":"wp","href":"https:\/\/api.w.org\/{rel}","templated":true}]}}