{"id":2404,"date":"2020-09-03T21:09:36","date_gmt":"2020-09-03T19:09:36","guid":{"rendered":"https:\/\/rsv-hachinger-tal.de\/?p=2404"},"modified":"2020-09-06T21:11:26","modified_gmt":"2020-09-06T19:11:26","slug":"03-05-09-2020-la-marmotte-granfondo-alpes","status":"publish","type":"post","link":"https:\/\/rsv-hachinger-tal.de\/index.php\/2020\/09\/03\/03-05-09-2020-la-marmotte-granfondo-alpes\/","title":{"rendered":"03.\/05.09.2020 La Marmotte Granfondo Alpes"},"content":{"rendered":"<p>F\u00fcr Joachim Hainz fand der diesj\u00e4hrige Saisonh\u00f6hepunkt in den Savoyer Alpen statt. Unser diesj\u00e4hriger Vereinsmeister, der f\u00fcr das Team Geiger Medius startet, nahm zun\u00e4chst am Donnerstag an der Grimp\u00e9e Alpe d&#8217;Huez teil, einem Bergzeitfahren \u00fcber 13 km und ca. 1.100 hm auf der legend\u00e4ren Strecke von Bourg d&#8217;Oisans zur Alpe. In einer starken Zeit von 51:08 min gewann er die AK M50 und belegt insgesamt den 23ten Platz bei 105 Klassierten!<br \/>\nIm Hauptrennen am Samstag waren 174 km mit ca. 5.000 hm \u00fcber Col du Glandon, Col du T\u00e9l\u00e9graphe, Col du Galibier und Alpe d&#8217;Huez zur\u00fcckzulegen. Joachim absolvierte diese Herausforderung in einer Zeit von 6:29:11 h und kam damit auf den dritten Platz in der AK 50 (83ter gesamt bei \u00fcber 1.800 Klassierten). \u201eIn der Abfahrt vom Galibier hatte ich keine Gruppe und zudem Gegenwind, so dass an der Alpe am Ende die Frische fehlte\u201c, so Joachim hinterher, der gl\u00fccklich war, dass es sich das Stockerl in der AK knapp ausging. Wir gratulieren diesem au\u00dferordentlichen Exploit innerhalb von drei Tagen!<\/p>\n","protected":false},"excerpt":{"rendered":"<p>F\u00fcr Joachim Hainz fand der diesj\u00e4hrige Saisonh\u00f6hepunkt in den Savoyer Alpen statt. Unser diesj\u00e4hriger Vereinsmeister, der f\u00fcr das Team Geiger Medius startet, nahm zun\u00e4chst am Donnerstag an der Grimp\u00e9e Alpe d&#8217;Huez teil, einem Bergzeitfahren \u00fcber 13 km und ca. 1.100 hm auf der legend\u00e4ren Strecke von Bourg d&#8217;Oisans zur Alpe. In einer starken Zeit von [&hellip;]<\/p>\n","protected":false},"author":1,"featured_media":2403,"comment_status":"closed","ping_status":"closed","sticky":false,"template":"","format":"standard","meta":{"footnotes":""},"categories":[4],"tags":[],"class_list":["post-2404","post","type-post","status-publish","format-standard","has-post-thumbnail","hentry","category-berichte-ii"],"_links":{"self":[{"href":"https:\/\/rsv-hachinger-tal.de\/index.php\/wp-json\/wp\/v2\/posts\/2404","targetHints":{"allow":["GET"]}}],"collection":[{"href":"https:\/\/rsv-hachinger-tal.de\/index.php\/wp-json\/wp\/v2\/posts"}],"about":[{"href":"https:\/\/rsv-hachinger-tal.de\/index.php\/wp-json\/wp\/v2\/types\/post"}],"author":[{"embeddable":true,"href":"https:\/\/rsv-hachinger-tal.de\/index.php\/wp-json\/wp\/v2\/users\/1"}],"replies":[{"embeddable":true,"href":"https:\/\/rsv-hachinger-tal.de\/index.php\/wp-json\/wp\/v2\/comments?post=2404"}],"version-history":[{"count":1,"href":"https:\/\/rsv-hachinger-tal.de\/index.php\/wp-json\/wp\/v2\/posts\/2404\/revisions"}],"predecessor-version":[{"id":2405,"href":"https:\/\/rsv-hachinger-tal.de\/index.php\/wp-json\/wp\/v2\/posts\/2404\/revisions\/2405"}],"wp:featuredmedia":[{"embeddable":true,"href":"https:\/\/rsv-hachinger-tal.de\/index.php\/wp-json\/wp\/v2\/media\/2403"}],"wp:attachment":[{"href":"https:\/\/rsv-hachinger-tal.de\/index.php\/wp-json\/wp\/v2\/media?parent=2404"}],"wp:term":[{"taxonomy":"category","embeddable":true,"href":"https:\/\/rsv-hachinger-tal.de\/index.php\/wp-json\/wp\/v2\/categories?post=2404"},{"taxonomy":"post_tag","embeddable":true,"href":"https:\/\/rsv-hachinger-tal.de\/index.php\/wp-json\/wp\/v2\/tags?post=2404"}],"curies":[{"name":"wp","href":"https:\/\/api.w.org\/{rel}","templated":true}]}}